{"id":304,"count":20,"description":"<b>Joao Batista . Art<\/b>\r\n\r\n<b>Joao Batista ((Mo\u00e7ambique,1963)<\/b> vive em Aveiro e leciona na Universidade de Aveiro, onde obteve o doutoramento em Informa\u00e7\u00e3o e Comunica\u00e7\u00e3o em Plataformas Digitais. Desenvolve atividade art\u00edstica e criativa desde <b>2004<\/b>.\r\nUtiliza a cria\u00e7\u00e3o art\u00edstica para discutir a ideia da relatividade do conhecimento associada \u00e0s diferentes perspetivas com que cada objeto, acontecimento ou conceito pode ser observado, percebido ou comunicado. Jo\u00e3o Batista procura discutir a ideia de que a ess\u00eancia do conhecimento nunca pode ser alcan\u00e7ada e, como tal, precisamos de continuar a procura por outras conex\u00f5es e pontos de vista, que nos permitam aproximar dessa ess\u00eancia.\r\n\r\nJo\u00e3o procura obter n\u00edveis de abstra\u00e7\u00e3o que permitam liberar a ess\u00eancia do conhecimento do que \u00e9 acess\u00f3rio. Usa a fotografia e a pintura como formas de express\u00e3o. Na fotografia, utiliza a t\u00e9cnica de blur, preto e branco e cria\u00e7\u00e3o de sequ\u00eancias. Na pintura, cria imagens abstratas e explora a cor, a linha e a textura, o que lhe permite acrescentar outra dimens\u00e3o.\r\n\r\nExp\u00f5e individualmente desde 2009\r\n","link":"https:\/\/scar-id.com\/pt-pt\/categoria-produto\/marcas\/joao-batista-en-pt-pt\/","name":"Joao Batista","slug":"joao-batista-en-pt-pt","taxonomy":"product_cat","parent":34,"meta":[],"_links":{"self":[{"href":"https:\/\/scar-id.com\/pt-pt\/wp-json\/wp\/v2\/product_cat\/304","targetHints":{"allow":["GET"]}}],"collection":[{"href":"https:\/\/scar-id.com\/pt-pt\/wp-json\/wp\/v2\/product_cat"}],"about":[{"href":"https:\/\/scar-id.com\/pt-pt\/wp-json\/wp\/v2\/taxonomies\/product_cat"}],"up":[{"embeddable":true,"href":"https:\/\/scar-id.com\/pt-pt\/wp-json\/wp\/v2\/product_cat\/34"}],"wp:post_type":[{"href":"https:\/\/scar-id.com\/pt-pt\/wp-json\/wp\/v2\/product?product_cat=304"}],"curies":[{"name":"wp","href":"https:\/\/api.w.org\/{rel}","templated":true}]}}